{"id":4974,"date":"2025-11-17T14:13:40","date_gmt":"2025-11-17T19:13:40","guid":{"rendered":"https:\/\/homecaresolutionsmtl.com\/?p=4974"},"modified":"2025-11-17T14:13:40","modified_gmt":"2025-11-17T19:13:40","slug":"vivre-avec-la-maladie-dalzheimer","status":"publish","type":"post","link":"https:\/\/homecaresolutionsmtl.com\/fr\/2025\/11\/17\/vivre-avec-la-maladie-dalzheimer\/","title":{"rendered":"Vivre avec la maladie d&rsquo;Alzheimer"},"content":{"rendered":"<p>Notre famille vit avec la maladie d\u2019Alzheimer. Mon p\u00e8re, qui vient d\u2019avoir 89 ans, souffre de cette maladie et ne peut plus rester seul dans sa maison, o\u00f9 il vit depuis 55 ans. Nous avons trouv\u00e9 la solution id\u00e9ale pour tout le monde gr\u00e2ce \u00e0 Solutions Soins \u00e0 domicile et son excellent personnel.<\/p>\n<p>Lorsque mon fr\u00e8re, qui habite la maison familiale, part pour le travail, un de nos deux aidants veille sur le bien-\u00eatre de mon p\u00e8re durant la journ\u00e9e. Il est rassurant de savoir qu\u2019au moment o\u00f9 j\u2019\u00e9cris, mon p\u00e8re se r\u00e9veille devant un visage familier. Il prendra son d\u00e9jeuner habituel qui se compose de gruau, fruits, toast et caf\u00e9. Ensuite, il se douchera, s\u2019habillera, fera des exercices d\u2019\u00e9tirement et partira pour une longue promenade. Tout cela gr\u00e2ce \u00e0 l\u2019aide et l\u2019accompagnement de son aidant.<\/p>\n<p>Son moment pr\u00e9f\u00e9r\u00e9 de la journ\u00e9e, c\u2019est la promenade \u2014 m\u00eame le chien de la famille est de la partie. Les voisins et les chauffeurs d\u2019autobus sont heureux de les saluer. La promenade et l\u2019exercice r\u00e9gulier font des miracles pour la mobilit\u00e9 de mon p\u00e8re. Les activit\u00e9s d\u2019apr\u00e8s-midi incluent des jeux de soci\u00e9t\u00e9, de la lecture \u00e0 voix haute, de la peinture et des calculs math\u00e9matiques (pour l\u2019ing\u00e9nieur encore en lui).<\/p>\n<p>Lorsque je lui rends visite l\u2019apr\u00e8s-midi, je n\u2019ai plus besoin de m\u2019inqui\u00e9ter de savoir s\u2019il a mang\u00e9 son lunch ou s\u2019il porte des v\u00eatements propres. Nous allons plut\u00f4t faire des balades en voiture, nous passons par la biblioth\u00e8que locale ou nous allons prendre un caf\u00e9. Durant les journ\u00e9es chaudes d\u2019\u00e9t\u00e9, mon p\u00e8re a tr\u00e8s h\u00e2te de manger son cornet de cr\u00e8me glac\u00e9e molle. En fait, nous pouvons simplement profiter du plaisir de nous retrouver. Naturellement, mon p\u00e8re se couche fatigu\u00e9 le soir, et la plupart du temps, il dort toute la nuit.<\/p>\n<p>M\u00eame avec la maladie d\u2019Alzheimer et m\u00eame si mon p\u00e8re ne souvient pas de son pass\u00e9 et qu\u2019il perd sa capacit\u00e9 de parler, son essence est toujours l\u00e0 : sa personnalit\u00e9, ses bonnes mani\u00e8res (il dit toujours merci et insiste pour tenir la porte), et son amour pour le chant et les vieilles chansons. Gr\u00e2ce \u00e0 Solutions Soins \u00e0 domicile notre famille vit, et elle vit bien malgr\u00e9 la maladie d\u2019Alzheimer.<\/p>\n<p><em>\u2013 Anne-Marie, fille de Joseph Cuccia<\/em><\/p>\n<p><a href=\"\/wp-content\/uploads\/2019\/07\/living-with-Alzheimers.pdf\" target=\"_blank\" rel=\"noopener\">T\u00e9l\u00e9charger le fichier PDF<\/a><\/p>\n","protected":false},"excerpt":{"rendered":"<p>Notre famille vit avec la maladie d\u2019Alzheimer. Mon p\u00e8re, qui vient d\u2019avoir 89 ans, souffre de cette maladie et ne peut plus rester seul dans sa maison, o\u00f9 il vit depuis 55 ans. Nous avons trouv\u00e9 la solution id\u00e9ale pour tout le monde gr\u00e2ce \u00e0 Solutions Soins \u00e0 domicile et son excellent personnel.<\/p>\n","protected":false},"author":1,"featured_media":4990,"comment_status":"closed","ping_status":"closed","sticky":false,"template":"","format":"standard","meta":{"_acf_changed":false,"inline_featured_image":false,"_glsr_average":0,"_glsr_ranking":0,"_glsr_reviews":0,"footnotes":""},"categories":[74],"tags":[],"class_list":["post-4974","post","type-post","status-publish","format-standard","has-post-thumbnail","hentry","category-alzheimers-dementia"],"acf":[],"yoast_head":"<title>Vivre avec la maladie d&#039;Alzheimer<\/title>\n<meta name=\"description\" content=\"Notre famille vit avec la maladie d\u2019Alzheimer. Mon p\u00e8re, qui vient d\u2019avoir 89 ans, souffre de cette maladie et ne peut plus rester seul dans sa maison, o\u00f9 il vit depuis 55 ans. Nous avons trouv\u00e9 la solution id\u00e9ale pour tout le monde gr\u00e2ce \u00e0 Solutions Soins \u00e0 domicile et son excellent personnel.\" \/>\n<meta name=\"robots\" content=\"index, follow, max-snippet:-1, max-image-preview:large, max-video-preview:-1\" \/>\n<link rel=\"canonical\" href=\"https:\/\/homecaresolutionsmtl.com\/fr\/2025\/11\/17\/vivre-avec-la-maladie-dalzheimer\/\" \/>\n<meta property=\"og:locale\" content=\"fr_CA\" \/>\n<meta property=\"og:type\" content=\"article\" \/>\n<meta property=\"og:title\" content=\"Vivre avec la maladie d&#039;Alzheimer\" \/>\n<meta property=\"og:description\" content=\"Notre famille vit avec la maladie d\u2019Alzheimer. Mon p\u00e8re, qui vient d\u2019avoir 89 ans, souffre de cette maladie et ne peut plus rester seul dans sa maison, o\u00f9 il vit depuis 55 ans. Nous avons trouv\u00e9 la solution id\u00e9ale pour tout le monde gr\u00e2ce \u00e0 Solutions Soins \u00e0 domicile et son excellent personnel.\" \/>\n<meta property=\"og:url\" content=\"https:\/\/homecaresolutionsmtl.com\/fr\/2025\/11\/17\/vivre-avec-la-maladie-dalzheimer\/\" \/>\n<meta property=\"og:site_name\" content=\"Solutions soins \u00e0 domicile Montr\u00e9al\" \/>\n<meta property=\"article:publisher\" content=\"https:\/\/www.facebook.com\/Solutionsmontreal\" \/>\n<meta property=\"article:published_time\" content=\"2025-11-17T19:13:40+00:00\" \/>\n<meta property=\"og:image\" content=\"https:\/\/homecaresolutionsmtl.com\/wp-content\/uploads\/2025\/11\/JosephCucciaFamily_Upscaled.jpeg\" \/>\n\t<meta property=\"og:image:width\" content=\"1916\" \/>\n\t<meta property=\"og:image:height\" content=\"1536\" \/>\n\t<meta property=\"og:image:type\" content=\"image\/jpeg\" \/>\n<meta name=\"author\" content=\"Dunham\" \/>\n<meta name=\"twitter:card\" content=\"summary_large_image\" \/>\n<meta name=\"twitter:label1\" content=\"\u00c9crit par\" \/>\n\t<meta name=\"twitter:data1\" content=\"Dunham\" \/>\n\t<meta name=\"twitter:label2\" content=\"Estimation du temps de lecture\" \/>\n\t<meta name=\"twitter:data2\" content=\"2 minutes\" \/>\n<script type=\"application\/ld+json\" class=\"yoast-schema-graph\">{\"@context\":\"https:\\\/\\\/schema.org\",\"@graph\":[{\"@type\":\"Article\",\"@id\":\"https:\\\/\\\/homecaresolutionsmtl.com\\\/fr\\\/2025\\\/11\\\/17\\\/vivre-avec-la-maladie-dalzheimer\\\/#article\",\"isPartOf\":{\"@id\":\"https:\\\/\\\/homecaresolutionsmtl.com\\\/fr\\\/2025\\\/11\\\/17\\\/vivre-avec-la-maladie-dalzheimer\\\/\"},\"author\":{\"name\":\"Dunham\",\"@id\":\"https:\\\/\\\/homecaresolutionsmtl.com\\\/fr\\\/#\\\/schema\\\/person\\\/865dc4c9f56bc6513a1047236d53dd67\"},\"headline\":\"Vivre avec la maladie d&rsquo;Alzheimer\",\"datePublished\":\"2025-11-17T19:13:40+00:00\",\"mainEntityOfPage\":{\"@id\":\"https:\\\/\\\/homecaresolutionsmtl.com\\\/fr\\\/2025\\\/11\\\/17\\\/vivre-avec-la-maladie-dalzheimer\\\/\"},\"wordCount\":438,\"publisher\":{\"@id\":\"https:\\\/\\\/homecaresolutionsmtl.com\\\/fr\\\/#organization\"},\"image\":{\"@id\":\"https:\\\/\\\/homecaresolutionsmtl.com\\\/fr\\\/2025\\\/11\\\/17\\\/vivre-avec-la-maladie-dalzheimer\\\/#primaryimage\"},\"thumbnailUrl\":\"https:\\\/\\\/homecaresolutionsmtl.com\\\/wp-content\\\/uploads\\\/2025\\\/11\\\/JosephCucciaFamily_Upscaled.jpeg\",\"articleSection\":[\"Maladie d'Alzheimer et d\u00e9mence\"],\"inLanguage\":\"fr-CA\"},{\"@type\":\"WebPage\",\"@id\":\"https:\\\/\\\/homecaresolutionsmtl.com\\\/fr\\\/2025\\\/11\\\/17\\\/vivre-avec-la-maladie-dalzheimer\\\/\",\"url\":\"https:\\\/\\\/homecaresolutionsmtl.com\\\/fr\\\/2025\\\/11\\\/17\\\/vivre-avec-la-maladie-dalzheimer\\\/\",\"name\":\"Vivre avec la maladie d'Alzheimer\",\"isPartOf\":{\"@id\":\"https:\\\/\\\/homecaresolutionsmtl.com\\\/fr\\\/#website\"},\"primaryImageOfPage\":{\"@id\":\"https:\\\/\\\/homecaresolutionsmtl.com\\\/fr\\\/2025\\\/11\\\/17\\\/vivre-avec-la-maladie-dalzheimer\\\/#primaryimage\"},\"image\":{\"@id\":\"https:\\\/\\\/homecaresolutionsmtl.com\\\/fr\\\/2025\\\/11\\\/17\\\/vivre-avec-la-maladie-dalzheimer\\\/#primaryimage\"},\"thumbnailUrl\":\"https:\\\/\\\/homecaresolutionsmtl.com\\\/wp-content\\\/uploads\\\/2025\\\/11\\\/JosephCucciaFamily_Upscaled.jpeg\",\"datePublished\":\"2025-11-17T19:13:40+00:00\",\"description\":\"Notre famille vit avec la maladie d\u2019Alzheimer. Mon p\u00e8re, qui vient d\u2019avoir 89 ans, souffre de cette maladie et ne peut plus rester seul dans sa maison, o\u00f9 il vit depuis 55 ans. Nous avons trouv\u00e9 la solution id\u00e9ale pour tout le monde gr\u00e2ce \u00e0 Solutions Soins \u00e0 domicile et son excellent personnel.\",\"breadcrumb\":{\"@id\":\"https:\\\/\\\/homecaresolutionsmtl.com\\\/fr\\\/2025\\\/11\\\/17\\\/vivre-avec-la-maladie-dalzheimer\\\/#breadcrumb\"},\"inLanguage\":\"fr-CA\",\"potentialAction\":[{\"@type\":\"ReadAction\",\"target\":[\"https:\\\/\\\/homecaresolutionsmtl.com\\\/fr\\\/2025\\\/11\\\/17\\\/vivre-avec-la-maladie-dalzheimer\\\/\"]}]},{\"@type\":\"ImageObject\",\"inLanguage\":\"fr-CA\",\"@id\":\"https:\\\/\\\/homecaresolutionsmtl.com\\\/fr\\\/2025\\\/11\\\/17\\\/vivre-avec-la-maladie-dalzheimer\\\/#primaryimage\",\"url\":\"https:\\\/\\\/homecaresolutionsmtl.com\\\/wp-content\\\/uploads\\\/2025\\\/11\\\/JosephCucciaFamily_Upscaled.jpeg\",\"contentUrl\":\"https:\\\/\\\/homecaresolutionsmtl.com\\\/wp-content\\\/uploads\\\/2025\\\/11\\\/JosephCucciaFamily_Upscaled.jpeg\",\"width\":1916,\"height\":1536,\"caption\":\"Family of Joseph Cuccia with a dog\"},{\"@type\":\"BreadcrumbList\",\"@id\":\"https:\\\/\\\/homecaresolutionsmtl.com\\\/fr\\\/2025\\\/11\\\/17\\\/vivre-avec-la-maladie-dalzheimer\\\/#breadcrumb\",\"itemListElement\":[{\"@type\":\"ListItem\",\"position\":1,\"name\":\"Home\",\"item\":\"https:\\\/\\\/homecaresolutionsmtl.com\\\/fr\\\/\"},{\"@type\":\"ListItem\",\"position\":2,\"name\":\"Vivre avec la maladie d&#8217;Alzheimer\"}]},{\"@type\":\"WebSite\",\"@id\":\"https:\\\/\\\/homecaresolutionsmtl.com\\\/fr\\\/#website\",\"url\":\"https:\\\/\\\/homecaresolutionsmtl.com\\\/fr\\\/\",\"name\":\"Solutions soins \u00e0 domicile Montr\u00e9al\",\"description\":\"\",\"publisher\":{\"@id\":\"https:\\\/\\\/homecaresolutionsmtl.com\\\/fr\\\/#organization\"},\"potentialAction\":[{\"@type\":\"SearchAction\",\"target\":{\"@type\":\"EntryPoint\",\"urlTemplate\":\"https:\\\/\\\/homecaresolutionsmtl.com\\\/fr\\\/?s={search_term_string}\"},\"query-input\":{\"@type\":\"PropertyValueSpecification\",\"valueRequired\":true,\"valueName\":\"search_term_string\"}}],\"inLanguage\":\"fr-CA\"},{\"@type\":\"Organization\",\"@id\":\"https:\\\/\\\/homecaresolutionsmtl.com\\\/fr\\\/#organization\",\"name\":\"Homecare Solutions\",\"url\":\"https:\\\/\\\/homecaresolutionsmtl.com\\\/fr\\\/\",\"logo\":{\"@type\":\"ImageObject\",\"inLanguage\":\"fr-CA\",\"@id\":\"https:\\\/\\\/homecaresolutionsmtl.com\\\/fr\\\/#\\\/schema\\\/logo\\\/image\\\/\",\"url\":\"https:\\\/\\\/homecaresolutionsmtl.com\\\/wp-content\\\/uploads\\\/2019\\\/06\\\/Homecare-solutions-splash.png\",\"contentUrl\":\"https:\\\/\\\/homecaresolutionsmtl.com\\\/wp-content\\\/uploads\\\/2019\\\/06\\\/Homecare-solutions-splash.png\",\"width\":512,\"height\":361,\"caption\":\"Homecare Solutions\"},\"image\":{\"@id\":\"https:\\\/\\\/homecaresolutionsmtl.com\\\/fr\\\/#\\\/schema\\\/logo\\\/image\\\/\"},\"sameAs\":[\"https:\\\/\\\/www.facebook.com\\\/Solutionsmontreal\"]},{\"@type\":\"Person\",\"@id\":\"https:\\\/\\\/homecaresolutionsmtl.com\\\/fr\\\/#\\\/schema\\\/person\\\/865dc4c9f56bc6513a1047236d53dd67\",\"name\":\"Dunham\",\"url\":\"https:\\\/\\\/homecaresolutionsmtl.com\\\/fr\\\/author\\\/dunham\\\/\"}]}<\/script>","yoast_head_json":{"title":"Vivre avec la maladie d'Alzheimer","description":"Notre famille vit avec la maladie d\u2019Alzheimer. Mon p\u00e8re, qui vient d\u2019avoir 89 ans, souffre de cette maladie et ne peut plus rester seul dans sa maison, o\u00f9 il vit depuis 55 ans. Nous avons trouv\u00e9 la solution id\u00e9ale pour tout le monde gr\u00e2ce \u00e0 Solutions Soins \u00e0 domicile et son excellent personnel.","robots":{"index":"index","follow":"follow","max-snippet":"max-snippet:-1","max-image-preview":"max-image-preview:large","max-video-preview":"max-video-preview:-1"},"canonical":"https:\/\/homecaresolutionsmtl.com\/fr\/2025\/11\/17\/vivre-avec-la-maladie-dalzheimer\/","og_locale":"fr_CA","og_type":"article","og_title":"Vivre avec la maladie d'Alzheimer","og_description":"Notre famille vit avec la maladie d\u2019Alzheimer. Mon p\u00e8re, qui vient d\u2019avoir 89 ans, souffre de cette maladie et ne peut plus rester seul dans sa maison, o\u00f9 il vit depuis 55 ans. Nous avons trouv\u00e9 la solution id\u00e9ale pour tout le monde gr\u00e2ce \u00e0 Solutions Soins \u00e0 domicile et son excellent personnel.","og_url":"https:\/\/homecaresolutionsmtl.com\/fr\/2025\/11\/17\/vivre-avec-la-maladie-dalzheimer\/","og_site_name":"Solutions soins \u00e0 domicile Montr\u00e9al","article_publisher":"https:\/\/www.facebook.com\/Solutionsmontreal","article_published_time":"2025-11-17T19:13:40+00:00","og_image":[{"width":1916,"height":1536,"url":"https:\/\/homecaresolutionsmtl.com\/wp-content\/uploads\/2025\/11\/JosephCucciaFamily_Upscaled.jpeg","type":"image\/jpeg"}],"author":"Dunham","twitter_card":"summary_large_image","twitter_misc":{"\u00c9crit par":"Dunham","Estimation du temps de lecture":"2 minutes"},"schema":{"@context":"https:\/\/schema.org","@graph":[{"@type":"Article","@id":"https:\/\/homecaresolutionsmtl.com\/fr\/2025\/11\/17\/vivre-avec-la-maladie-dalzheimer\/#article","isPartOf":{"@id":"https:\/\/homecaresolutionsmtl.com\/fr\/2025\/11\/17\/vivre-avec-la-maladie-dalzheimer\/"},"author":{"name":"Dunham","@id":"https:\/\/homecaresolutionsmtl.com\/fr\/#\/schema\/person\/865dc4c9f56bc6513a1047236d53dd67"},"headline":"Vivre avec la maladie d&rsquo;Alzheimer","datePublished":"2025-11-17T19:13:40+00:00","mainEntityOfPage":{"@id":"https:\/\/homecaresolutionsmtl.com\/fr\/2025\/11\/17\/vivre-avec-la-maladie-dalzheimer\/"},"wordCount":438,"publisher":{"@id":"https:\/\/homecaresolutionsmtl.com\/fr\/#organization"},"image":{"@id":"https:\/\/homecaresolutionsmtl.com\/fr\/2025\/11\/17\/vivre-avec-la-maladie-dalzheimer\/#primaryimage"},"thumbnailUrl":"https:\/\/homecaresolutionsmtl.com\/wp-content\/uploads\/2025\/11\/JosephCucciaFamily_Upscaled.jpeg","articleSection":["Maladie d'Alzheimer et d\u00e9mence"],"inLanguage":"fr-CA"},{"@type":"WebPage","@id":"https:\/\/homecaresolutionsmtl.com\/fr\/2025\/11\/17\/vivre-avec-la-maladie-dalzheimer\/","url":"https:\/\/homecaresolutionsmtl.com\/fr\/2025\/11\/17\/vivre-avec-la-maladie-dalzheimer\/","name":"Vivre avec la maladie d'Alzheimer","isPartOf":{"@id":"https:\/\/homecaresolutionsmtl.com\/fr\/#website"},"primaryImageOfPage":{"@id":"https:\/\/homecaresolutionsmtl.com\/fr\/2025\/11\/17\/vivre-avec-la-maladie-dalzheimer\/#primaryimage"},"image":{"@id":"https:\/\/homecaresolutionsmtl.com\/fr\/2025\/11\/17\/vivre-avec-la-maladie-dalzheimer\/#primaryimage"},"thumbnailUrl":"https:\/\/homecaresolutionsmtl.com\/wp-content\/uploads\/2025\/11\/JosephCucciaFamily_Upscaled.jpeg","datePublished":"2025-11-17T19:13:40+00:00","description":"Notre famille vit avec la maladie d\u2019Alzheimer. Mon p\u00e8re, qui vient d\u2019avoir 89 ans, souffre de cette maladie et ne peut plus rester seul dans sa maison, o\u00f9 il vit depuis 55 ans. Nous avons trouv\u00e9 la solution id\u00e9ale pour tout le monde gr\u00e2ce \u00e0 Solutions Soins \u00e0 domicile et son excellent personnel.","breadcrumb":{"@id":"https:\/\/homecaresolutionsmtl.com\/fr\/2025\/11\/17\/vivre-avec-la-maladie-dalzheimer\/#breadcrumb"},"inLanguage":"fr-CA","potentialAction":[{"@type":"ReadAction","target":["https:\/\/homecaresolutionsmtl.com\/fr\/2025\/11\/17\/vivre-avec-la-maladie-dalzheimer\/"]}]},{"@type":"ImageObject","inLanguage":"fr-CA","@id":"https:\/\/homecaresolutionsmtl.com\/fr\/2025\/11\/17\/vivre-avec-la-maladie-dalzheimer\/#primaryimage","url":"https:\/\/homecaresolutionsmtl.com\/wp-content\/uploads\/2025\/11\/JosephCucciaFamily_Upscaled.jpeg","contentUrl":"https:\/\/homecaresolutionsmtl.com\/wp-content\/uploads\/2025\/11\/JosephCucciaFamily_Upscaled.jpeg","width":1916,"height":1536,"caption":"Family of Joseph Cuccia with a dog"},{"@type":"BreadcrumbList","@id":"https:\/\/homecaresolutionsmtl.com\/fr\/2025\/11\/17\/vivre-avec-la-maladie-dalzheimer\/#breadcrumb","itemListElement":[{"@type":"ListItem","position":1,"name":"Home","item":"https:\/\/homecaresolutionsmtl.com\/fr\/"},{"@type":"ListItem","position":2,"name":"Vivre avec la maladie d&#8217;Alzheimer"}]},{"@type":"WebSite","@id":"https:\/\/homecaresolutionsmtl.com\/fr\/#website","url":"https:\/\/homecaresolutionsmtl.com\/fr\/","name":"Solutions soins \u00e0 domicile Montr\u00e9al","description":"","publisher":{"@id":"https:\/\/homecaresolutionsmtl.com\/fr\/#organization"},"potentialAction":[{"@type":"SearchAction","target":{"@type":"EntryPoint","urlTemplate":"https:\/\/homecaresolutionsmtl.com\/fr\/?s={search_term_string}"},"query-input":{"@type":"PropertyValueSpecification","valueRequired":true,"valueName":"search_term_string"}}],"inLanguage":"fr-CA"},{"@type":"Organization","@id":"https:\/\/homecaresolutionsmtl.com\/fr\/#organization","name":"Homecare Solutions","url":"https:\/\/homecaresolutionsmtl.com\/fr\/","logo":{"@type":"ImageObject","inLanguage":"fr-CA","@id":"https:\/\/homecaresolutionsmtl.com\/fr\/#\/schema\/logo\/image\/","url":"https:\/\/homecaresolutionsmtl.com\/wp-content\/uploads\/2019\/06\/Homecare-solutions-splash.png","contentUrl":"https:\/\/homecaresolutionsmtl.com\/wp-content\/uploads\/2019\/06\/Homecare-solutions-splash.png","width":512,"height":361,"caption":"Homecare Solutions"},"image":{"@id":"https:\/\/homecaresolutionsmtl.com\/fr\/#\/schema\/logo\/image\/"},"sameAs":["https:\/\/www.facebook.com\/Solutionsmontreal"]},{"@type":"Person","@id":"https:\/\/homecaresolutionsmtl.com\/fr\/#\/schema\/person\/865dc4c9f56bc6513a1047236d53dd67","name":"Dunham","url":"https:\/\/homecaresolutionsmtl.com\/fr\/author\/dunham\/"}]}},"_links":{"self":[{"href":"https:\/\/homecaresolutionsmtl.com\/fr\/wp-json\/wp\/v2\/posts\/4974","targetHints":{"allow":["GET"]}}],"collection":[{"href":"https:\/\/homecaresolutionsmtl.com\/fr\/wp-json\/wp\/v2\/posts"}],"about":[{"href":"https:\/\/homecaresolutionsmtl.com\/fr\/wp-json\/wp\/v2\/types\/post"}],"author":[{"embeddable":true,"href":"https:\/\/homecaresolutionsmtl.com\/fr\/wp-json\/wp\/v2\/users\/1"}],"replies":[{"embeddable":true,"href":"https:\/\/homecaresolutionsmtl.com\/fr\/wp-json\/wp\/v2\/comments?post=4974"}],"version-history":[{"count":3,"href":"https:\/\/homecaresolutionsmtl.com\/fr\/wp-json\/wp\/v2\/posts\/4974\/revisions"}],"predecessor-version":[{"id":5041,"href":"https:\/\/homecaresolutionsmtl.com\/fr\/wp-json\/wp\/v2\/posts\/4974\/revisions\/5041"}],"wp:featuredmedia":[{"embeddable":true,"href":"https:\/\/homecaresolutionsmtl.com\/fr\/wp-json\/wp\/v2\/media\/4990"}],"wp:attachment":[{"href":"https:\/\/homecaresolutionsmtl.com\/fr\/wp-json\/wp\/v2\/media?parent=4974"}],"wp:term":[{"taxonomy":"category","embeddable":true,"href":"https:\/\/homecaresolutionsmtl.com\/fr\/wp-json\/wp\/v2\/categories?post=4974"},{"taxonomy":"post_tag","embeddable":true,"href":"https:\/\/homecaresolutionsmtl.com\/fr\/wp-json\/wp\/v2\/tags?post=4974"}],"curies":[{"name":"wp","href":"https:\/\/api.w.org\/{rel}","templated":true}]}}